{"id":10611,"date":"2025-06-09T07:08:57","date_gmt":"2025-06-09T04:08:57","guid":{"rendered":"https:\/\/visitoulu.fi\/?p=10611"},"modified":"2025-09-04T09:17:57","modified_gmt":"2025-09-04T06:17:57","slug":"new-direct-flight-from-frankfurt-boosts-oulus-internationality","status":"publish","type":"post","link":"http:\/\/visitoulufi-2025-10-14_10_27_17.test.cchosting.fi\/en\/new-direct-flight-from-frankfurt-boosts-oulus-internationality\/","title":{"rendered":"New flight connection from Frankfurt boosts Oulu's internationality"},"content":{"rendered":"<p>Discover Airlines started a new flight connection from Frankfurt via Oulu to Kittil\u00e4 on 9.6. During the summer, flights will stop in Oulu twice a week, and from January 2026 the route will be operated year-round and fully direct on Mondays and Fridays.<\/p>\n\n\n\n<p><\/p>","protected":false},"excerpt":{"rendered":"<p>Discover Airlines aloitti 9.6 uuden lentoyhteyden Frankfurtista Oulun kautta Kittil\u00e4\u00e4n. Kes\u00e4ll\u00e4 lennot pys\u00e4htyv\u00e4t Oulussa kahdesti viikossa, ja tammikuusta 2026 alkaen reitti liikenn\u00f6id\u00e4\u00e4n ymp\u00e4rivuotisesti ja t\u00e4ysin suorana maanantaisin ja perjantaisin. [&#8230;]<\/p>\n<p><a class=\"btn btn-secondary understrap-read-more-link\" href=\"http:\/\/visitoulufi-2025-10-14_10_27_17.test.cchosting.fi\/en\/new-direct-flight-from-frankfurt-boosts-oulus-internationality\/\">Read More&#8230;<span class=\"screen-reader-text\"> from Uusi lentoyhteys Frankfurtista vauhdittaa Oulun kansainv\u00e4lisyytt\u00e4<\/span><\/a><\/p>","protected":false},"author":32,"featured_media":10618,"comment_status":"closed","ping_status":"open","sticky":false,"template":"","format":"standard","meta":{"_acf_changed":false,"content-type":"","footnotes":""},"categories":[123],"tags":[],"coauthors":[195],"class_list":["post-10611","post","type-post","status-publish","format-standard","has-post-thumbnail","hentry","category-info-2"],"acf":[],"yoast_head":"<!-- This site is optimized with the Yoast SEO plugin v26.0 - https:\/\/yoast.com\/wordpress\/plugins\/seo\/ -->\n<title>Uusi lentoyhteys Frankfurtista vauhdittaa Oulun kansainv\u00e4lisyytt\u00e4 - Visit Oulu<\/title>\n<meta name=\"robots\" content=\"index, follow, max-snippet:-1, max-image-preview:large, max-video-preview:-1\" \/>\n<link rel=\"canonical\" href=\"https:\/\/visitoulufi-2025-10-14_10_27_17.test.cchosting.fi\/en\/new-direct-flight-from-frankfurt-boosts-oulus-internationality\/\" \/>\n<meta property=\"og:locale\" content=\"en_US\" \/>\n<meta property=\"og:type\" content=\"article\" \/>\n<meta property=\"og:title\" content=\"Uusi lentoyhteys Frankfurtista vauhdittaa Oulun kansainv\u00e4lisyytt\u00e4 - Visit Oulu\" \/>\n<meta property=\"og:description\" content=\"Discover Airlines aloitti 9.6 uuden lentoyhteyden Frankfurtista Oulun kautta Kittil\u00e4\u00e4n. Kes\u00e4ll\u00e4 lennot pys\u00e4htyv\u00e4t Oulussa kahdesti viikossa, ja tammikuusta 2026 alkaen reitti liikenn\u00f6id\u00e4\u00e4n ymp\u00e4rivuotisesti ja t\u00e4ysin suorana maanantaisin ja perjantaisin. [...]Read More... from Uusi lentoyhteys Frankfurtista vauhdittaa Oulun kansainv\u00e4lisyytt\u00e4\" \/>\n<meta property=\"og:url\" content=\"https:\/\/visitoulufi-2025-10-14_10_27_17.test.cchosting.fi\/en\/new-direct-flight-from-frankfurt-boosts-oulus-internationality\/\" \/>\n<meta property=\"og:site_name\" content=\"Visit Oulu\" \/>\n<meta property=\"article:published_time\" content=\"2025-06-09T04:08:57+00:00\" \/>\n<meta property=\"article:modified_time\" content=\"2025-09-04T06:17:57+00:00\" \/>\n<meta property=\"og:image\" content=\"https:\/\/visitoulufi-2025-10-14_10_27_17.test.cchosting.fi\/wp-content\/uploads\/2025\/06\/Discover-Airlines_A320-2-1.jpg\" \/>\n\t<meta property=\"og:image:width\" content=\"2400\" \/>\n\t<meta property=\"og:image:height\" content=\"1600\" \/>\n\t<meta property=\"og:image:type\" content=\"image\/jpeg\" \/>\n<meta name=\"author\" content=\"Rosa Ruuskanen\" \/>\n<meta name=\"twitter:card\" content=\"summary_large_image\" \/>\n<meta name=\"twitter:label1\" content=\"Written by\" \/>\n\t<meta name=\"twitter:data1\" content=\"Rosa Ruuskanen\" \/>\n\t<meta name=\"twitter:label2\" content=\"Est. reading time\" \/>\n\t<meta name=\"twitter:data2\" content=\"2 minutes\" \/>\n<script type=\"application\/ld+json\" class=\"yoast-schema-graph\">{\"@context\":\"https:\/\/schema.org\",\"@graph\":[{\"@type\":\"WebPage\",\"@id\":\"https:\/\/visitoulufi-2025-10-14_10_27_17.test.cchosting.fi\/uusi-suora-lento-frankfurtista-vauhdittaa-oulun-kansainvalisyytta\/\",\"url\":\"https:\/\/visitoulufi-2025-10-14_10_27_17.test.cchosting.fi\/uusi-suora-lento-frankfurtista-vauhdittaa-oulun-kansainvalisyytta\/\",\"name\":\"Uusi lentoyhteys Frankfurtista vauhdittaa Oulun kansainv\u00e4lisyytt\u00e4 - Visit Oulu\",\"isPartOf\":{\"@id\":\"https:\/\/visitoulufi-2025-10-14_10_27_17.test.cchosting.fi\/#website\"},\"primaryImageOfPage\":{\"@id\":\"https:\/\/visitoulufi-2025-10-14_10_27_17.test.cchosting.fi\/uusi-suora-lento-frankfurtista-vauhdittaa-oulun-kansainvalisyytta\/#primaryimage\"},\"image\":{\"@id\":\"https:\/\/visitoulufi-2025-10-14_10_27_17.test.cchosting.fi\/uusi-suora-lento-frankfurtista-vauhdittaa-oulun-kansainvalisyytta\/#primaryimage\"},\"thumbnailUrl\":\"https:\/\/visitoulufi-2025-10-14_10_27_17.test.cchosting.fi\/wp-content\/uploads\/2025\/06\/Discover-Airlines_A320-2-1.jpg\",\"datePublished\":\"2025-06-09T04:08:57+00:00\",\"dateModified\":\"2025-09-04T06:17:57+00:00\",\"author\":{\"@id\":\"https:\/\/visitoulufi-2025-10-14_10_27_17.test.cchosting.fi\/#\/schema\/person\/b8e5a4a1f07dd73554ffbbe2b8e8dc58\"},\"breadcrumb\":{\"@id\":\"https:\/\/visitoulufi-2025-10-14_10_27_17.test.cchosting.fi\/uusi-suora-lento-frankfurtista-vauhdittaa-oulun-kansainvalisyytta\/#breadcrumb\"},\"inLanguage\":\"en-US\",\"potentialAction\":[{\"@type\":\"ReadAction\",\"target\":[\"https:\/\/visitoulufi-2025-10-14_10_27_17.test.cchosting.fi\/uusi-suora-lento-frankfurtista-vauhdittaa-oulun-kansainvalisyytta\/\"]}]},{\"@type\":\"ImageObject\",\"inLanguage\":\"en-US\",\"@id\":\"https:\/\/visitoulufi-2025-10-14_10_27_17.test.cchosting.fi\/uusi-suora-lento-frankfurtista-vauhdittaa-oulun-kansainvalisyytta\/#primaryimage\",\"url\":\"https:\/\/visitoulufi-2025-10-14_10_27_17.test.cchosting.fi\/wp-content\/uploads\/2025\/06\/Discover-Airlines_A320-2-1.jpg\",\"contentUrl\":\"https:\/\/visitoulufi-2025-10-14_10_27_17.test.cchosting.fi\/wp-content\/uploads\/2025\/06\/Discover-Airlines_A320-2-1.jpg\",\"width\":2400,\"height\":1600},{\"@type\":\"BreadcrumbList\",\"@id\":\"https:\/\/visitoulufi-2025-10-14_10_27_17.test.cchosting.fi\/uusi-suora-lento-frankfurtista-vauhdittaa-oulun-kansainvalisyytta\/#breadcrumb\",\"itemListElement\":[{\"@type\":\"ListItem\",\"position\":1,\"name\":\"Etusivu\",\"item\":\"https:\/\/visitoulufi-2025-10-14_10_27_17.test.cchosting.fi\/\"},{\"@type\":\"ListItem\",\"position\":2,\"name\":\"Uusi lentoyhteys Frankfurtista vauhdittaa Oulun kansainv\u00e4lisyytt\u00e4\"}]},{\"@type\":\"WebSite\",\"@id\":\"https:\/\/visitoulufi-2025-10-14_10_27_17.test.cchosting.fi\/#website\",\"url\":\"https:\/\/visitoulufi-2025-10-14_10_27_17.test.cchosting.fi\/\",\"name\":\"Visit Oulu\",\"description\":\"\",\"potentialAction\":[{\"@type\":\"SearchAction\",\"target\":{\"@type\":\"EntryPoint\",\"urlTemplate\":\"https:\/\/visitoulufi-2025-10-14_10_27_17.test.cchosting.fi\/?s={search_term_string}\"},\"query-input\":{\"@type\":\"PropertyValueSpecification\",\"valueRequired\":true,\"valueName\":\"search_term_string\"}}],\"inLanguage\":\"en-US\"},{\"@type\":\"Person\",\"@id\":\"https:\/\/visitoulufi-2025-10-14_10_27_17.test.cchosting.fi\/#\/schema\/person\/b8e5a4a1f07dd73554ffbbe2b8e8dc58\",\"name\":\"Rosa Ruuskanen\",\"image\":{\"@type\":\"ImageObject\",\"inLanguage\":\"en-US\",\"@id\":\"https:\/\/visitoulufi-2025-10-14_10_27_17.test.cchosting.fi\/#\/schema\/person\/image\/c5227ba7c3f401aa50ca43e56399553f\",\"url\":\"https:\/\/secure.gravatar.com\/avatar\/ccc3f3faaf914d7086285c9a5914ab5034c81ccd25f3274a6f036ce798271ae7?s=96&d=mm&r=g\",\"contentUrl\":\"https:\/\/secure.gravatar.com\/avatar\/ccc3f3faaf914d7086285c9a5914ab5034c81ccd25f3274a6f036ce798271ae7?s=96&d=mm&r=g\",\"caption\":\"Rosa Ruuskanen\"},\"url\":\"http:\/\/visitoulufi-2025-10-14_10_27_17.test.cchosting.fi\/en\/author\/rosavisitoulu-fi\/\"}]}<\/script>\n<!-- \/ Yoast SEO plugin. -->","yoast_head_json":{"title":"New flight connection from Frankfurt boosts Oulu's internationality - Visit Oulu","robots":{"index":"index","follow":"follow","max-snippet":"max-snippet:-1","max-image-preview":"max-image-preview:large","max-video-preview":"max-video-preview:-1"},"canonical":"https:\/\/visitoulufi-2025-10-14_10_27_17.test.cchosting.fi\/en\/new-direct-flight-from-frankfurt-boosts-oulus-internationality\/","og_locale":"en_US","og_type":"article","og_title":"Uusi lentoyhteys Frankfurtista vauhdittaa Oulun kansainv\u00e4lisyytt\u00e4 - Visit Oulu","og_description":"Discover Airlines aloitti 9.6 uuden lentoyhteyden Frankfurtista Oulun kautta Kittil\u00e4\u00e4n. Kes\u00e4ll\u00e4 lennot pys\u00e4htyv\u00e4t Oulussa kahdesti viikossa, ja tammikuusta 2026 alkaen reitti liikenn\u00f6id\u00e4\u00e4n ymp\u00e4rivuotisesti ja t\u00e4ysin suorana maanantaisin ja perjantaisin. [...]Read More... from Uusi lentoyhteys Frankfurtista vauhdittaa Oulun kansainv\u00e4lisyytt\u00e4","og_url":"https:\/\/visitoulufi-2025-10-14_10_27_17.test.cchosting.fi\/en\/new-direct-flight-from-frankfurt-boosts-oulus-internationality\/","og_site_name":"Visit Oulu","article_published_time":"2025-06-09T04:08:57+00:00","article_modified_time":"2025-09-04T06:17:57+00:00","og_image":[{"width":2400,"height":1600,"url":"https:\/\/visitoulufi-2025-10-14_10_27_17.test.cchosting.fi\/wp-content\/uploads\/2025\/06\/Discover-Airlines_A320-2-1.jpg","type":"image\/jpeg"}],"author":"Rosa Ruuskanen","twitter_card":"summary_large_image","twitter_misc":{"Written by":"Rosa Ruuskanen","Est. reading time":"2 minutes"},"schema":{"@context":"https:\/\/schema.org","@graph":[{"@type":"WebPage","@id":"https:\/\/visitoulufi-2025-10-14_10_27_17.test.cchosting.fi\/uusi-suora-lento-frankfurtista-vauhdittaa-oulun-kansainvalisyytta\/","url":"https:\/\/visitoulufi-2025-10-14_10_27_17.test.cchosting.fi\/uusi-suora-lento-frankfurtista-vauhdittaa-oulun-kansainvalisyytta\/","name":"New flight connection from Frankfurt boosts Oulu's internationality - Visit Oulu","isPartOf":{"@id":"https:\/\/visitoulufi-2025-10-14_10_27_17.test.cchosting.fi\/#website"},"primaryImageOfPage":{"@id":"https:\/\/visitoulufi-2025-10-14_10_27_17.test.cchosting.fi\/uusi-suora-lento-frankfurtista-vauhdittaa-oulun-kansainvalisyytta\/#primaryimage"},"image":{"@id":"https:\/\/visitoulufi-2025-10-14_10_27_17.test.cchosting.fi\/uusi-suora-lento-frankfurtista-vauhdittaa-oulun-kansainvalisyytta\/#primaryimage"},"thumbnailUrl":"https:\/\/visitoulufi-2025-10-14_10_27_17.test.cchosting.fi\/wp-content\/uploads\/2025\/06\/Discover-Airlines_A320-2-1.jpg","datePublished":"2025-06-09T04:08:57+00:00","dateModified":"2025-09-04T06:17:57+00:00","author":{"@id":"https:\/\/visitoulufi-2025-10-14_10_27_17.test.cchosting.fi\/#\/schema\/person\/b8e5a4a1f07dd73554ffbbe2b8e8dc58"},"breadcrumb":{"@id":"https:\/\/visitoulufi-2025-10-14_10_27_17.test.cchosting.fi\/uusi-suora-lento-frankfurtista-vauhdittaa-oulun-kansainvalisyytta\/#breadcrumb"},"inLanguage":"en-US","potentialAction":[{"@type":"ReadAction","target":["https:\/\/visitoulufi-2025-10-14_10_27_17.test.cchosting.fi\/uusi-suora-lento-frankfurtista-vauhdittaa-oulun-kansainvalisyytta\/"]}]},{"@type":"ImageObject","inLanguage":"en-US","@id":"https:\/\/visitoulufi-2025-10-14_10_27_17.test.cchosting.fi\/uusi-suora-lento-frankfurtista-vauhdittaa-oulun-kansainvalisyytta\/#primaryimage","url":"https:\/\/visitoulufi-2025-10-14_10_27_17.test.cchosting.fi\/wp-content\/uploads\/2025\/06\/Discover-Airlines_A320-2-1.jpg","contentUrl":"https:\/\/visitoulufi-2025-10-14_10_27_17.test.cchosting.fi\/wp-content\/uploads\/2025\/06\/Discover-Airlines_A320-2-1.jpg","width":2400,"height":1600},{"@type":"BreadcrumbList","@id":"https:\/\/visitoulufi-2025-10-14_10_27_17.test.cchosting.fi\/uusi-suora-lento-frankfurtista-vauhdittaa-oulun-kansainvalisyytta\/#breadcrumb","itemListElement":[{"@type":"ListItem","position":1,"name":"Etusivu","item":"https:\/\/visitoulufi-2025-10-14_10_27_17.test.cchosting.fi\/"},{"@type":"ListItem","position":2,"name":"Uusi lentoyhteys Frankfurtista vauhdittaa Oulun kansainv\u00e4lisyytt\u00e4"}]},{"@type":"WebSite","@id":"https:\/\/visitoulufi-2025-10-14_10_27_17.test.cchosting.fi\/#website","url":"https:\/\/visitoulufi-2025-10-14_10_27_17.test.cchosting.fi\/","name":"Visit Oulu","description":"","potentialAction":[{"@type":"SearchAction","target":{"@type":"EntryPoint","urlTemplate":"https:\/\/visitoulufi-2025-10-14_10_27_17.test.cchosting.fi\/?s={search_term_string}"},"query-input":{"@type":"PropertyValueSpecification","valueRequired":true,"valueName":"search_term_string"}}],"inLanguage":"en-US"},{"@type":"Person","@id":"https:\/\/visitoulufi-2025-10-14_10_27_17.test.cchosting.fi\/#\/schema\/person\/b8e5a4a1f07dd73554ffbbe2b8e8dc58","name":"Rosa Ruuskanen","image":{"@type":"ImageObject","inLanguage":"en-US","@id":"https:\/\/visitoulufi-2025-10-14_10_27_17.test.cchosting.fi\/#\/schema\/person\/image\/c5227ba7c3f401aa50ca43e56399553f","url":"https:\/\/secure.gravatar.com\/avatar\/ccc3f3faaf914d7086285c9a5914ab5034c81ccd25f3274a6f036ce798271ae7?s=96&d=mm&r=g","contentUrl":"https:\/\/secure.gravatar.com\/avatar\/ccc3f3faaf914d7086285c9a5914ab5034c81ccd25f3274a6f036ce798271ae7?s=96&d=mm&r=g","caption":"Rosa Ruuskanen"},"url":"http:\/\/visitoulufi-2025-10-14_10_27_17.test.cchosting.fi\/en\/author\/rosavisitoulu-fi\/"}]}},"_links":{"self":[{"href":"http:\/\/visitoulufi-2025-10-14_10_27_17.test.cchosting.fi\/en\/wp-json\/wp\/v2\/posts\/10611","targetHints":{"allow":["GET"]}}],"collection":[{"href":"http:\/\/visitoulufi-2025-10-14_10_27_17.test.cchosting.fi\/en\/wp-json\/wp\/v2\/posts"}],"about":[{"href":"http:\/\/visitoulufi-2025-10-14_10_27_17.test.cchosting.fi\/en\/wp-json\/wp\/v2\/types\/post"}],"author":[{"embeddable":true,"href":"http:\/\/visitoulufi-2025-10-14_10_27_17.test.cchosting.fi\/en\/wp-json\/wp\/v2\/users\/32"}],"replies":[{"embeddable":true,"href":"http:\/\/visitoulufi-2025-10-14_10_27_17.test.cchosting.fi\/en\/wp-json\/wp\/v2\/comments?post=10611"}],"version-history":[{"count":20,"href":"http:\/\/visitoulufi-2025-10-14_10_27_17.test.cchosting.fi\/en\/wp-json\/wp\/v2\/posts\/10611\/revisions"}],"predecessor-version":[{"id":12232,"href":"http:\/\/visitoulufi-2025-10-14_10_27_17.test.cchosting.fi\/en\/wp-json\/wp\/v2\/posts\/10611\/revisions\/12232"}],"wp:featuredmedia":[{"embeddable":true,"href":"http:\/\/visitoulufi-2025-10-14_10_27_17.test.cchosting.fi\/en\/wp-json\/wp\/v2\/media\/10618"}],"wp:attachment":[{"href":"http:\/\/visitoulufi-2025-10-14_10_27_17.test.cchosting.fi\/en\/wp-json\/wp\/v2\/media?parent=10611"}],"wp:term":[{"taxonomy":"category","embeddable":true,"href":"http:\/\/visitoulufi-2025-10-14_10_27_17.test.cchosting.fi\/en\/wp-json\/wp\/v2\/categories?post=10611"},{"taxonomy":"post_tag","embeddable":true,"href":"http:\/\/visitoulufi-2025-10-14_10_27_17.test.cchosting.fi\/en\/wp-json\/wp\/v2\/tags?post=10611"},{"taxonomy":"author","embeddable":true,"href":"http:\/\/visitoulufi-2025-10-14_10_27_17.test.cchosting.fi\/en\/wp-json\/wp\/v2\/coauthors?post=10611"}],"curies":[{"name":"wp","href":"https:\/\/api.w.org\/{rel}","templated":true}]}}